{"id":3435,"date":"2013-09-21T07:30:37","date_gmt":"2013-09-21T07:30:37","guid":{"rendered":"http:\/\/www.sadunya.org\/?p=3435"},"modified":"2020-10-02T07:58:23","modified_gmt":"2020-10-02T07:58:23","slug":"international-day-of-peace","status":"publish","type":"post","link":"https:\/\/sadunya.com\/en\/international-day-of-peace\/","title":{"rendered":"International Day of Peace"},"content":{"rendered":"<p><iframe loading=\"lazy\" src=\"\/\/www.youtube.com\/embed\/BT4_HvfY8BI?rel=0\" allowfullscreen=\"\" width=\"560\" height=\"315\" frameborder=\"0\"><\/iframe><br \/>\nA while ago, along a little French road, I happened upon a young man on a bike, pulling a small trailer. His blue glasses and cheerful manner made me want to get to know him. After introducing ourselves, the 24 year old Olivier, a Frenchman, or, more precisely, a Moselle native, told me that he&#8217;d decided to tour France on his bike to meet people working to make the world a better place. People building their world? Well, that sounded interesting\u2026<br \/>\nAs he tells it, after a classical, &#8220;programmed&#8221; childhood, Olivier started wondering about the state of the world nowadays, and, particularly, wondering what people could do to free themselves from poverty, social inequalities, lies, the destruction of the environment\u2026 He soon realized that, even though they are not always very visible, a lot of people are wondering the same things and taking very concrete action to bring about change.<br \/>\n<!--more-->So this long-time cyclist decided to get on his bicycle and go see them.<br \/>\nI was very moved by meeting Olivier. He&#8217;s young and already displays great wisdom &#8211; the glowing wisdom of sharing and trusting. His message of hope and peace is making its own sweet way around France and, I hope, the rest of the world.<\/p>\n<p>So I invite you to celebrate the International Day of Peace along with him today.<\/p>\n<p><a href=\"https:\/\/www.sadunya.org\/?page_id=89&amp;lang=en\" title=\"Fatoumata - SaDunya\"><em>Fatoumata<\/em><\/a><\/p>\n<hr>\nngg_shortcode_0_placeholder\n<hr>\n<h2>An overview of Olivier&#8217;s route:<\/h2>\n<p><em>&#8211; <a href=\"http:\/\/www.fermefranould.fr\/\" title=\"The Granges de Franould equestrian farm\" target=\"_blank\" rel=\"noopener noreferrer\">The Granges de Franould equestrian farm<\/a>: the farm hosts children who live in centers and learn how to care for the horses, live in harmony with nature, and develop an awareness of how the world works, etc.;<\/em><\/p>\n<p><em>&#8211; <a href=\"http:\/\/ecolonie.org\/eco\/en\/home\/index.php\" title=\"\u00c9COlonie\" target=\"_blank\" rel=\"noopener noreferrer\">\u00c9COlonie<\/a>: A European ecological center striving to &#8220;shape a utopian aspiration towards a sustainable, diverse and humane society&#8221; through the environment and activities offered at \u00c9COlonie;<\/p>\n<p>&#8211; <a href=\"http:\/\/www.associationnaturailes.fr\/\" title=\"Natur'Ailes Association\" target=\"_blank\" rel=\"noopener noreferrer\">Natur\u2019Ailes Association<\/a>: an ecological teaching garden that seeks to raise awareness in the general public about issues such as environmentally friendly agriculture, beekeeping, the important role of insects, the gathering and consumption of wild plants, medicinal plants, etc.;<\/p>\n<p>&#8211; <a href=\"http:\/\/ecolieuxdefrance.free.fr\/LES_SITES\/vaux_la_douce.htm\" title=\"Vaux-la-Douce\" target=\"_blank\" rel=\"noopener noreferrer\">Vaux-la-Douce eco-site<\/a>: A small community living in harmony with nature and embodying values such as sharing, solidarity and cooperation;<\/p>\n<p>&#8211; <a href=\"http:\/\/www.goshen.fr\/\" title=\"Goshen mutually supportive \u00c9co-hameau\" target=\"_blank\" rel=\"noopener noreferrer\">Goshen mutually supportive \u00c9co-hameau<\/a>: the site belongs to the <a href=\"http:\/\/www.oasisentouslieux.org\/\" title=\"Oasis en Tous Lieux Association\" target=\"_blank\" rel=\"noopener noreferrer\">Oasis en Tous Lieux<\/a>, founded by Pierre Rabhi, and brings together people who have decided to live intentionally simple and self-sufficient lives based on hospitality, natural agriculture and an alternative economy;<\/p>\n<p>&#8211; Meet Christelle, an activist working within the <a href=\"\/?p=3232\" title=\"Les Incroyables Comestibles germent \u00e0 Nancy - SaDunya\">Incredible Edible<\/a> (article in Franch), <a href=\"\/?p=3212\" title=\"Vole petit colibri, c'est la Rando des acteurs locaux - SaDunya\">Colibris<\/a> (article in French too) and <a href=\"http:\/\/www.thezeitgeistmovement.com\/\" title=\"Zeitgeist Movement\" target=\"_blank\" rel=\"noopener noreferrer\">Zeitgeist<\/a> movements, who uses her positive energy to work for an economic resource-based model &#8220;where the planet&#8217;s resources are received as the common legacy of all the Earth&#8217;s inhabitants. An alternative to the existing monetary exchange system dominating the forms of government and social policies all over the world, that is, a reconsideration of our relationship to the environment and to one another&#8221;;<\/p>\n<p>&#8211; Meeting people in Lyon and its environs who are acting to change the world for the better, including members of the <a href=\"http:\/\/www.thezeitgeistmovement.com\/\" title=\"Zeitgeist Movement\" target=\"_blank\" rel=\"noopener noreferrer\">Zeitgeist Movement<\/a> and <a href=\"http:\/\/www.silsilla.org\/\" title=\"R\u00e9seau Silsilla\" target=\"_blank\" rel=\"noopener noreferrer\">Silsilla<\/a>&#8216;s webmistress, an Internet-based Generative Collaboration platform created to link actors for change;<\/p>\n<p>&#8211; <a href=\"http:\/\/www.caracolesdesuc.org\/\" title=\"Caracole de Suc\" target=\"_blank\" rel=\"noopener noreferrer\">Caracoles de Suc<\/a>: a self-governing farm collective which states &#8220;that through a rural, peasant, militant life, its residents try to live collectively, free of dogma, religion, and hierarchy, by forming an open, federative community, connected to the world&#8221;;<\/p>\n<p>&#8211; <a href=\"http:\/\/www.terre-de-possibles.org\/\" title=\"Terre de Possibles\" target=\"_blank\" rel=\"noopener noreferrer\">Terre de Possibles Association<\/a>: another place belonging to <a href=\"http:\/\/www.oasisentouslieux.org\/\" title=\"Oasis en Tous Lieux Association\" target=\"_blank\" rel=\"noopener noreferrer\">Oasis en Tous Lieux<\/a>, which has as its objective connecting with the earth and building relationships through an exchange and sharing network about ecological practices nature know-how;<\/p>\n<p><\/em><em>&#8211; And many more&#8230;<\/em><\/p>\n<p><em>Special thanks to <a href=\"https:\/\/www.atanet.org\/onlinedirectories\/tsd_listings\/tsd_view.fpl?id=3307\" title=\"Yolanda Stern Broad - ATA\" target=\"_blank\" rel=\"noopener noreferrer\">Yolanda Stern Broad<\/a>, our dedidated English translator<\/em><\/p>\n<hr>\nngg_shortcode_1_placeholder\n<hr>\n","protected":false},"excerpt":{"rendered":"<p>A while ago, along a little French road, I happened upon a young man on a bike, pulling a small trailer. His blue glasses and cheerful manner made me want to get to know him. After introducing ourselves, the 24 year old Olivier, a Frenchman, or, more precisely, a Moselle native, told me that he&#8217;d [&hellip;]<\/p>\n","protected":false},"author":13,"featured_media":6692,"comment_status":"open","ping_status":"open","sticky":false,"template":"","format":"standard","meta":{"_et_pb_use_builder":"off","_et_pb_old_content":"<iframe width=\"560\" height=\"315\" src=\"\/\/www.youtube.com\/embed\/QTRcU7ibLCw?rel=0\" frameborder=\"0\" allowfullscreen><\/iframe>\r\nIl y a quelques temps, j\u2019ai crois\u00e9 au d\u00e9tour d\u2019une petite route fran\u00e7aise un jeune homme \u00e0 v\u00e9lo, tirant une petite remorque. Ses lunettes bleues et son air jovial m\u2019ont donn\u00e9s envie de faire sa connaissance. Apr\u00e8s les pr\u00e9sentations d\u2019usage, Olivier, ce Fran\u00e7ais, Mosellan plus pr\u00e9cis\u00e9ment, de 24 ans, m\u2019a expliqu\u00e9 qu\u2019il avait d\u00e9cid\u00e9 de parcourir la France \u00e0 v\u00e9lo pour rencontrer des personnes qui agissent pour am\u00e9liorer le monde. Des gens qui construisent leur monde&nbsp;? Voil\u00e0 qui m\u2019int\u00e9resse\u2026\r\n<!--more-->Apr\u00e8s une enfance classique et \u00ab&nbsp;format\u00e9e&nbsp;\u00bb, comme il le dit lui-m\u00eame, Olivier s\u2019est mis \u00e0 se poser des questions sur l\u2019\u00e9tat du monde actuel et, surtout, \u00e0 se demander ce que l\u2019on pouvait faire pour se lib\u00e9rer de la pauvret\u00e9, des in\u00e9galit\u00e9s, des mensonges, de la destruction de la nature\u2026 Il s\u2019est vite rendu compte que, m\u00eame si elles ne sont pas toujours tr\u00e8s visibles, nombre de personnes se posent les m\u00eames questions et agissent de mani\u00e8re tr\u00e8s concr\u00e8te pour changer les choses. Ce cycliste de longue date a donc d\u00e9cid\u00e9 d\u2019enfourcher son v\u00e9lo pour aller leur rendre visite.\r\nCette rencontre avec Olivier m\u2019a beaucoup touch\u00e9e. Il est jeune, et il d\u00e9gage d\u00e9j\u00e0 beaucoup de sagesse&nbsp;\u2013&nbsp;une sagesse lumineuse de partage et de confiance. Son message d\u2019espoir et de paix fait son bonhomme de chemin en France et, je l\u2019esp\u00e8re, dans le reste du monde.\r\n\r\nC\u2019est donc en sa compagnie que je vous invite aujourd\u2019hui \u00e0 c\u00e9l\u00e9brer la Journ\u00e9e internationale de la paix.\r\n\r\n<a href=\"\/?page_id=70\" title=\"Fatoumata Ndiaye - SaDunya\"><em>Fatoumata<\/em><\/a>\r\n<hr \/>\r\n\r\n[slideshow id=110]\r\n\r\n<hr \/>\r\n\r\n<h2>Aper\u00e7u du parcours d\u2019Olivier&nbsp;:<\/h2>\r\n\r\n<em>- <a href=\"http:\/\/www.fermefranould.fr\/\" title=\"Ferme \u00e9questre des Granges de Franould\" target=\"_blank\">Ferme \u00e9questre des Granges de Franould<\/a>&nbsp;: un lieu de vie et d\u2019accueil pour des enfants vivant en foyer, notamment, o\u00f9 l\u2019on apprend \u00e0 prendre soin des chevaux, \u00e0 vivre en respectant la nature, en se posant des questions sur le fonctionnement du monde, etc.&nbsp;;\r\n\r\n- <a href=\"http:\/\/ecolonie.org\/eco\/fr\/home\/index.php\" title=\"\u00c9COlonie\" target=\"_blank\">\u00c9COlonie<\/a>&nbsp;: un centre \u00e9cologique europ\u00e9en qui oeuvre pour \u00ab&nbsp;donner forme \u00e0 l'aspiration utopique d'une soci\u00e9t\u00e9 durable, diversifi\u00e9e, humaine au travers de l'ambiance et des activit\u00e9s qui sont propos\u00e9es \u00e0 \u00c9COlonie&nbsp;\u00bb&nbsp;;\r\n\r\n- <a href=\"http:\/\/www.associationnaturailes.fr\/\" title=\"Association Natur'Ailes\" target=\"_blank\">Association Natur\u2019Ailes<\/a>&nbsp;: un jardin \u00e9cologique et p\u00e9dagogique dont l\u2019objectif est de sensibiliser le grand public \u00e0 des questions telles que l\u2019agriculture respectueuse de l\u2019environnement, l\u2019apiculture, l\u2019importance des insectes, la cueillette et la consommation des plantes sauvages, les plantes m\u00e9dicinales, etc.&nbsp;;\r\n\r\n- <a href=\"http:\/\/ecolieuxdefrance.free.fr\/LES_SITES\/vaux_la_douce.htm\" title=\"Vaux-la-Douce\" target=\"_blank\">\u00c9co-lieu Vaux-la-Douce<\/a> : une petite communaut\u00e9 qui vit en harmonie avec la nature et incarne des valeurs comme le partage, la solidarit\u00e9 et l\u2019entraide ;\r\n\r\n- <a href=\"http:\/\/www.goshen.fr\/\" title=\"Goshen\" target=\"_blank\">\u00c9co-hameau solidaire Goshen<\/a>&nbsp;: un lieu qui fait partie de l\u2019association <a href=\"http:\/\/www.oasisentouslieux.org\/\" title=\"Association Oasis en Tous Lieux\" target=\"_blank\">Oasis en Tous Lieux<\/a>, initi\u00e9e par Pierre Rabhi, et qui rassemble des personnes qui ont d\u00e9cid\u00e9 de vivre dans une d\u00e9marche de simplicit\u00e9 volontaire et d\u2019autonomie, en pratiquant l\u2019hospitalit\u00e9, l\u2019agriculture naturelle et l\u2019\u00e9conomie alternative&nbsp;;\r\n\r\n- Rencontre avec Christelle, activiste au sein des mouvements <a href=\"\/?p=3232\" title=\"Les Incroyables Comestibles germent \u00e0 Nancy - SaDunya\">Incroyables Comestibles<\/a>, <a href=\"\/?p=3212\" title=\"Vole petit colibri, c'est la Rando des acteurs locaux - SaDunya\">Colibris<\/a> et <a href=\"http:\/\/www.mouvement-zeitgeist.fr\/\" title=\"Mouvement Zeitgeist francophone\" target=\"_blank\">Zeitgeist<\/a>, qui met son \u00e9nergie positive au service d\u2019un mod\u00e8le \u00e9conomique bas\u00e9 sur les ressources \u00ab&nbsp;dans lequel les ressources plan\u00e9taires sont re\u00e7ues en tant qu'h\u00e9ritage commun de tous les habitants de la Terre. En alternative au syst\u00e8me d'\u00e9change mon\u00e9taire en place, pr\u00e9dominant sur les formes de gouvernements et orientations soci\u00e9tales du monde entier, il s'agit d'une reconsid\u00e9ration de notre rapport \u00e0 l'environnement et aux autres&nbsp;\u00bb&nbsp;;\r\n\r\n- Rencontres \u00e0 Lyon et dans ses environs avec des personnes qui agissent pour changer positivement le monde, dont des membres du <a href=\"http:\/\/www.mouvement-zeitgeist.fr\/\" title=\"Mouvement Zeitgeist francophone\" target=\"_blank\">Mouvement Zeitgeist<\/a> et la webmastrice de <a href=\"http:\/\/www.silsilla.org\/\" title=\"R\u00e9seau Silsilla\" target=\"_blank\">Silsilla<\/a>, une plateforme de Collaboration G\u00e9n\u00e9rative sur internet cr\u00e9\u00e9e pour relier les acteurs du changement&nbsp;;\r\n\r\n- <a href=\"http:\/\/www.caracolesdesuc.org\/\" title=\"Caracole de Suc\" target=\"_blank\">Caracoles de Suc<\/a>&nbsp;: une ferme collective autog\u00e9r\u00e9e qui explique \u00ab&nbsp;qu'\u00e0 travers une vie rurale, paysanne et militante, les habitant(e)s essayent de vivre collectivement, sans dogme, ni culte, ni hi\u00e9rarchie, en formant un collectif ouvert, f\u00e9d\u00e9ratif, en lien avec le monde&nbsp;\u00bb&nbsp;;\r\n\r\n- <a href=\"http:\/\/www.terre-de-possibles.org\/\" title=\"Terre de Possibles\" target=\"_blank\">Association Terre de Possibles<\/a>&nbsp;: un autre lieu membre d'<a href=\"http:\/\/www.oasisentouslieux.org\/\" title=\"Association Oasis en Tous Lieux\" target=\"_blank\">Oasis en Tous Lieux<\/a>, qui propose de se relier \u00e0 la terre et de favoriser la rencontre gr\u00e2ce \u00e0 un r\u00e9seau d'\u00e9change et de partage de savoir-faire sur les pratiques \u00e9cologiques et la nature&nbsp;;\r\n\r\n- Et bien d'autres...<\/em>\r\n<hr \/>\r\n\r\n[slideshow id=109]\r\n\r\n<hr \/>","_et_gb_content_width":"","ngg_post_thumbnail":0,"footnotes":""},"categories":[34],"tags":[1024,996],"class_list":["post-3435","post","type-post","status-publish","format-standard","has-post-thumbnail","hentry","category-dunyafatou_id","tag-fatoumata-en-2","tag-france-en-2","et-has-post-format-content","et_post_format-et-post-format-standard"],"yoast_head":"<!-- This site is optimized with the Yoast SEO plugin v24.8.1 - https:\/\/yoast.com\/wordpress\/plugins\/seo\/ -->\n<title>International Day of Peace | SaDunya<\/title>\n<meta name=\"robots\" content=\"index, follow, max-snippet:-1, max-image-preview:large, max-video-preview:-1\" \/>\n<link rel=\"canonical\" href=\"https:\/\/sadunya.com\/journee-internationale-de-la-paix\/\" \/>\n<meta property=\"og:locale\" content=\"en_US\" \/>\n<meta property=\"og:type\" content=\"article\" \/>\n<meta property=\"og:title\" content=\"International Day of Peace | SaDunya\" \/>\n<meta property=\"og:description\" content=\"A while ago, along a little French road, I happened upon a young man on a bike, pulling a small trailer. His blue glasses and cheerful manner made me want to get to know him. After introducing ourselves, the 24 year old Olivier, a Frenchman, or, more precisely, a Moselle native, told me that he&#8217;d [&hellip;]\" \/>\n<meta property=\"og:url\" content=\"https:\/\/sadunya.com\/journee-internationale-de-la-paix\/\" \/>\n<meta property=\"og:site_name\" content=\"SaDunya\" \/>\n<meta property=\"article:publisher\" content=\"https:\/\/www.facebook.com\/sadunya\" \/>\n<meta property=\"article:published_time\" content=\"2013-09-21T07:30:37+00:00\" \/>\n<meta property=\"article:modified_time\" content=\"2020-10-02T07:58:23+00:00\" \/>\n<meta property=\"og:image\" content=\"https:\/\/sadunya.com\/wp-content\/uploads\/2013\/09\/olivier-rudez-sadunya-14.jpg\" \/>\n\t<meta property=\"og:image:width\" content=\"550\" \/>\n\t<meta property=\"og:image:height\" content=\"450\" \/>\n\t<meta property=\"og:image:type\" content=\"image\/jpeg\" \/>\n<meta name=\"author\" content=\"Fatoumata Ndiaye\" \/>\n<meta name=\"twitter:card\" content=\"summary_large_image\" \/>\n<meta name=\"twitter:creator\" content=\"@SaDunya_Project\" \/>\n<meta name=\"twitter:site\" content=\"@SaDunya_Project\" \/>\n<meta name=\"twitter:label1\" content=\"Written by\" \/>\n\t<meta name=\"twitter:data1\" content=\"Fatoumata Ndiaye\" \/>\n\t<meta name=\"twitter:label2\" content=\"Est. reading time\" \/>\n\t<meta name=\"twitter:data2\" content=\"3 minutes\" \/>\n<script type=\"application\/ld+json\" class=\"yoast-schema-graph\">{\"@context\":\"https:\/\/schema.org\",\"@graph\":[{\"@type\":\"Article\",\"@id\":\"https:\/\/sadunya.com\/journee-internationale-de-la-paix\/#article\",\"isPartOf\":{\"@id\":\"https:\/\/sadunya.com\/journee-internationale-de-la-paix\/\"},\"author\":{\"name\":\"Fatoumata Ndiaye\",\"@id\":\"https:\/\/sadunya.com\/#\/schema\/person\/c344700e54541a73872b43a5b47e588c\"},\"headline\":\"International Day of Peace\",\"datePublished\":\"2013-09-21T07:30:37+00:00\",\"dateModified\":\"2020-10-02T07:58:23+00:00\",\"mainEntityOfPage\":{\"@id\":\"https:\/\/sadunya.com\/journee-internationale-de-la-paix\/\"},\"wordCount\":617,\"commentCount\":0,\"publisher\":{\"@id\":\"https:\/\/sadunya.com\/#organization\"},\"image\":{\"@id\":\"https:\/\/sadunya.com\/journee-internationale-de-la-paix\/#primaryimage\"},\"thumbnailUrl\":\"https:\/\/sadunya.com\/wp-content\/uploads\/2013\/09\/olivier-rudez-sadunya-14.jpg\",\"keywords\":[\"fatoumata\",\"france\"],\"articleSection\":[\"DunyaFatou\"],\"inLanguage\":\"en-US\",\"potentialAction\":[{\"@type\":\"CommentAction\",\"name\":\"Comment\",\"target\":[\"https:\/\/sadunya.com\/journee-internationale-de-la-paix\/#respond\"]}]},{\"@type\":\"WebPage\",\"@id\":\"https:\/\/sadunya.com\/journee-internationale-de-la-paix\/\",\"url\":\"https:\/\/sadunya.com\/journee-internationale-de-la-paix\/\",\"name\":\"International Day of Peace | SaDunya\",\"isPartOf\":{\"@id\":\"https:\/\/sadunya.com\/#website\"},\"primaryImageOfPage\":{\"@id\":\"https:\/\/sadunya.com\/journee-internationale-de-la-paix\/#primaryimage\"},\"image\":{\"@id\":\"https:\/\/sadunya.com\/journee-internationale-de-la-paix\/#primaryimage\"},\"thumbnailUrl\":\"https:\/\/sadunya.com\/wp-content\/uploads\/2013\/09\/olivier-rudez-sadunya-14.jpg\",\"datePublished\":\"2013-09-21T07:30:37+00:00\",\"dateModified\":\"2020-10-02T07:58:23+00:00\",\"breadcrumb\":{\"@id\":\"https:\/\/sadunya.com\/journee-internationale-de-la-paix\/#breadcrumb\"},\"inLanguage\":\"en-US\",\"potentialAction\":[{\"@type\":\"ReadAction\",\"target\":[\"https:\/\/sadunya.com\/journee-internationale-de-la-paix\/\"]}]},{\"@type\":\"ImageObject\",\"inLanguage\":\"en-US\",\"@id\":\"https:\/\/sadunya.com\/journee-internationale-de-la-paix\/#primaryimage\",\"url\":\"https:\/\/sadunya.com\/wp-content\/uploads\/2013\/09\/olivier-rudez-sadunya-14.jpg\",\"contentUrl\":\"https:\/\/sadunya.com\/wp-content\/uploads\/2013\/09\/olivier-rudez-sadunya-14.jpg\",\"width\":550,\"height\":450,\"caption\":\"Olivier Rudez\"},{\"@type\":\"BreadcrumbList\",\"@id\":\"https:\/\/sadunya.com\/journee-internationale-de-la-paix\/#breadcrumb\",\"itemListElement\":[{\"@type\":\"ListItem\",\"position\":1,\"name\":\"Accueil\",\"item\":\"https:\/\/sadunya.com\/\"},{\"@type\":\"ListItem\",\"position\":2,\"name\":\"International Day of Peace\"}]},{\"@type\":\"WebSite\",\"@id\":\"https:\/\/sadunya.com\/#website\",\"url\":\"https:\/\/sadunya.com\/\",\"name\":\"Le Projet SaDunya | The SaDunya Project\",\"description\":\"le monde que tu construis\",\"publisher\":{\"@id\":\"https:\/\/sadunya.com\/#organization\"},\"potentialAction\":[{\"@type\":\"SearchAction\",\"target\":{\"@type\":\"EntryPoint\",\"urlTemplate\":\"https:\/\/sadunya.com\/?s={search_term_string}\"},\"query-input\":{\"@type\":\"PropertyValueSpecification\",\"valueRequired\":true,\"valueName\":\"search_term_string\"}}],\"inLanguage\":\"en-US\"},{\"@type\":\"Organization\",\"@id\":\"https:\/\/sadunya.com\/#organization\",\"name\":\"SaDunya Project | Projet SaDunya\",\"url\":\"https:\/\/sadunya.com\/\",\"logo\":{\"@type\":\"ImageObject\",\"inLanguage\":\"en-US\",\"@id\":\"https:\/\/sadunya.com\/#\/schema\/logo\/image\/\",\"url\":\"https:\/\/www.sadunya.org\/wp-content\/uploads\/2020\/09\/Plan-de-travail-1.png\",\"contentUrl\":\"https:\/\/www.sadunya.org\/wp-content\/uploads\/2020\/09\/Plan-de-travail-1.png\",\"width\":300,\"height\":280,\"caption\":\"SaDunya Project | Projet SaDunya\"},\"image\":{\"@id\":\"https:\/\/sadunya.com\/#\/schema\/logo\/image\/\"},\"sameAs\":[\"https:\/\/www.facebook.com\/sadunya\",\"https:\/\/x.com\/SaDunya_Project\",\"https:\/\/www.instagram.com\/sadunyaproject\"]},{\"@type\":\"Person\",\"@id\":\"https:\/\/sadunya.com\/#\/schema\/person\/c344700e54541a73872b43a5b47e588c\",\"name\":\"Fatoumata Ndiaye\",\"image\":{\"@type\":\"ImageObject\",\"inLanguage\":\"en-US\",\"@id\":\"https:\/\/sadunya.com\/#\/schema\/person\/image\/\",\"url\":\"https:\/\/secure.gravatar.com\/avatar\/6539babc67996a83603479dff56f8278?s=96&d=mm&r=g\",\"contentUrl\":\"https:\/\/secure.gravatar.com\/avatar\/6539babc67996a83603479dff56f8278?s=96&d=mm&r=g\",\"caption\":\"Fatoumata Ndiaye\"},\"description\":\"Si vous trouvez aussi qu\u2019un Big Mac ne ressemble \u00e0 rien de comestible et que l\u2019avenir du monde passe plus par l\u2019agriculture biologique que par Monsanto. Si vous aimez aussi vous investir dans des associations qui \u0153uvrent pour plus de solidarit\u00e9 et de partage dans ce monde. Si, pour vous aussi, la famille occupe une place capitale dans votre c\u0153ur et dans votre vie\u2026\",\"sameAs\":[\"https:\/\/www.sadunya.org\"],\"url\":\"https:\/\/sadunya.com\/en\/author\/fatou\/\"}]}<\/script>\n<!-- \/ Yoast SEO plugin. -->","yoast_head_json":{"title":"International Day of Peace | SaDunya","robots":{"index":"index","follow":"follow","max-snippet":"max-snippet:-1","max-image-preview":"max-image-preview:large","max-video-preview":"max-video-preview:-1"},"canonical":"https:\/\/sadunya.com\/journee-internationale-de-la-paix\/","og_locale":"en_US","og_type":"article","og_title":"International Day of Peace | SaDunya","og_description":"A while ago, along a little French road, I happened upon a young man on a bike, pulling a small trailer. His blue glasses and cheerful manner made me want to get to know him. After introducing ourselves, the 24 year old Olivier, a Frenchman, or, more precisely, a Moselle native, told me that he&#8217;d [&hellip;]","og_url":"https:\/\/sadunya.com\/journee-internationale-de-la-paix\/","og_site_name":"SaDunya","article_publisher":"https:\/\/www.facebook.com\/sadunya","article_published_time":"2013-09-21T07:30:37+00:00","article_modified_time":"2020-10-02T07:58:23+00:00","og_image":[{"width":550,"height":450,"url":"https:\/\/sadunya.com\/wp-content\/uploads\/2013\/09\/olivier-rudez-sadunya-14.jpg","type":"image\/jpeg"}],"author":"Fatoumata Ndiaye","twitter_card":"summary_large_image","twitter_creator":"@SaDunya_Project","twitter_site":"@SaDunya_Project","twitter_misc":{"Written by":"Fatoumata Ndiaye","Est. reading time":"3 minutes"},"schema":{"@context":"https:\/\/schema.org","@graph":[{"@type":"Article","@id":"https:\/\/sadunya.com\/journee-internationale-de-la-paix\/#article","isPartOf":{"@id":"https:\/\/sadunya.com\/journee-internationale-de-la-paix\/"},"author":{"name":"Fatoumata Ndiaye","@id":"https:\/\/sadunya.com\/#\/schema\/person\/c344700e54541a73872b43a5b47e588c"},"headline":"International Day of Peace","datePublished":"2013-09-21T07:30:37+00:00","dateModified":"2020-10-02T07:58:23+00:00","mainEntityOfPage":{"@id":"https:\/\/sadunya.com\/journee-internationale-de-la-paix\/"},"wordCount":617,"commentCount":0,"publisher":{"@id":"https:\/\/sadunya.com\/#organization"},"image":{"@id":"https:\/\/sadunya.com\/journee-internationale-de-la-paix\/#primaryimage"},"thumbnailUrl":"https:\/\/sadunya.com\/wp-content\/uploads\/2013\/09\/olivier-rudez-sadunya-14.jpg","keywords":["fatoumata","france"],"articleSection":["DunyaFatou"],"inLanguage":"en-US","potentialAction":[{"@type":"CommentAction","name":"Comment","target":["https:\/\/sadunya.com\/journee-internationale-de-la-paix\/#respond"]}]},{"@type":"WebPage","@id":"https:\/\/sadunya.com\/journee-internationale-de-la-paix\/","url":"https:\/\/sadunya.com\/journee-internationale-de-la-paix\/","name":"International Day of Peace | SaDunya","isPartOf":{"@id":"https:\/\/sadunya.com\/#website"},"primaryImageOfPage":{"@id":"https:\/\/sadunya.com\/journee-internationale-de-la-paix\/#primaryimage"},"image":{"@id":"https:\/\/sadunya.com\/journee-internationale-de-la-paix\/#primaryimage"},"thumbnailUrl":"https:\/\/sadunya.com\/wp-content\/uploads\/2013\/09\/olivier-rudez-sadunya-14.jpg","datePublished":"2013-09-21T07:30:37+00:00","dateModified":"2020-10-02T07:58:23+00:00","breadcrumb":{"@id":"https:\/\/sadunya.com\/journee-internationale-de-la-paix\/#breadcrumb"},"inLanguage":"en-US","potentialAction":[{"@type":"ReadAction","target":["https:\/\/sadunya.com\/journee-internationale-de-la-paix\/"]}]},{"@type":"ImageObject","inLanguage":"en-US","@id":"https:\/\/sadunya.com\/journee-internationale-de-la-paix\/#primaryimage","url":"https:\/\/sadunya.com\/wp-content\/uploads\/2013\/09\/olivier-rudez-sadunya-14.jpg","contentUrl":"https:\/\/sadunya.com\/wp-content\/uploads\/2013\/09\/olivier-rudez-sadunya-14.jpg","width":550,"height":450,"caption":"Olivier Rudez"},{"@type":"BreadcrumbList","@id":"https:\/\/sadunya.com\/journee-internationale-de-la-paix\/#breadcrumb","itemListElement":[{"@type":"ListItem","position":1,"name":"Accueil","item":"https:\/\/sadunya.com\/"},{"@type":"ListItem","position":2,"name":"International Day of Peace"}]},{"@type":"WebSite","@id":"https:\/\/sadunya.com\/#website","url":"https:\/\/sadunya.com\/","name":"Le Projet SaDunya | The SaDunya Project","description":"le monde que tu construis","publisher":{"@id":"https:\/\/sadunya.com\/#organization"},"potentialAction":[{"@type":"SearchAction","target":{"@type":"EntryPoint","urlTemplate":"https:\/\/sadunya.com\/?s={search_term_string}"},"query-input":{"@type":"PropertyValueSpecification","valueRequired":true,"valueName":"search_term_string"}}],"inLanguage":"en-US"},{"@type":"Organization","@id":"https:\/\/sadunya.com\/#organization","name":"SaDunya Project | Projet SaDunya","url":"https:\/\/sadunya.com\/","logo":{"@type":"ImageObject","inLanguage":"en-US","@id":"https:\/\/sadunya.com\/#\/schema\/logo\/image\/","url":"https:\/\/www.sadunya.org\/wp-content\/uploads\/2020\/09\/Plan-de-travail-1.png","contentUrl":"https:\/\/www.sadunya.org\/wp-content\/uploads\/2020\/09\/Plan-de-travail-1.png","width":300,"height":280,"caption":"SaDunya Project | Projet SaDunya"},"image":{"@id":"https:\/\/sadunya.com\/#\/schema\/logo\/image\/"},"sameAs":["https:\/\/www.facebook.com\/sadunya","https:\/\/x.com\/SaDunya_Project","https:\/\/www.instagram.com\/sadunyaproject"]},{"@type":"Person","@id":"https:\/\/sadunya.com\/#\/schema\/person\/c344700e54541a73872b43a5b47e588c","name":"Fatoumata Ndiaye","image":{"@type":"ImageObject","inLanguage":"en-US","@id":"https:\/\/sadunya.com\/#\/schema\/person\/image\/","url":"https:\/\/secure.gravatar.com\/avatar\/6539babc67996a83603479dff56f8278?s=96&d=mm&r=g","contentUrl":"https:\/\/secure.gravatar.com\/avatar\/6539babc67996a83603479dff56f8278?s=96&d=mm&r=g","caption":"Fatoumata Ndiaye"},"description":"Si vous trouvez aussi qu\u2019un Big Mac ne ressemble \u00e0 rien de comestible et que l\u2019avenir du monde passe plus par l\u2019agriculture biologique que par Monsanto. Si vous aimez aussi vous investir dans des associations qui \u0153uvrent pour plus de solidarit\u00e9 et de partage dans ce monde. Si, pour vous aussi, la famille occupe une place capitale dans votre c\u0153ur et dans votre vie\u2026","sameAs":["https:\/\/www.sadunya.org"],"url":"https:\/\/sadunya.com\/en\/author\/fatou\/"}]}},"_links":{"self":[{"href":"https:\/\/sadunya.com\/en\/wp-json\/wp\/v2\/posts\/3435","targetHints":{"allow":["GET"]}}],"collection":[{"href":"https:\/\/sadunya.com\/en\/wp-json\/wp\/v2\/posts"}],"about":[{"href":"https:\/\/sadunya.com\/en\/wp-json\/wp\/v2\/types\/post"}],"author":[{"embeddable":true,"href":"https:\/\/sadunya.com\/en\/wp-json\/wp\/v2\/users\/13"}],"replies":[{"embeddable":true,"href":"https:\/\/sadunya.com\/en\/wp-json\/wp\/v2\/comments?post=3435"}],"version-history":[{"count":0,"href":"https:\/\/sadunya.com\/en\/wp-json\/wp\/v2\/posts\/3435\/revisions"}],"wp:featuredmedia":[{"embeddable":true,"href":"https:\/\/sadunya.com\/en\/wp-json\/wp\/v2\/media\/6692"}],"wp:attachment":[{"href":"https:\/\/sadunya.com\/en\/wp-json\/wp\/v2\/media?parent=3435"}],"wp:term":[{"taxonomy":"category","embeddable":true,"href":"https:\/\/sadunya.com\/en\/wp-json\/wp\/v2\/categories?post=3435"},{"taxonomy":"post_tag","embeddable":true,"href":"https:\/\/sadunya.com\/en\/wp-json\/wp\/v2\/tags?post=3435"}],"curies":[{"name":"wp","href":"https:\/\/api.w.org\/{rel}","templated":true}]}}